{"id":270,"date":"2026-04-28T12:34:32","date_gmt":"2026-04-28T12:34:32","guid":{"rendered":"https:\/\/annoh-emmanuella.mmigrenoble-dev.fr\/?p=270"},"modified":"2026-04-30T10:14:07","modified_gmt":"2026-04-30T10:14:07","slug":"ma-premiere-affiche-digitale-retour-dexperience","status":"publish","type":"post","link":"https:\/\/annoh-emmanuella.mmigrenoble-dev.fr\/?p=270","title":{"rendered":"Ma premi\u00e8re affiche digitale : retour d&rsquo;exp\u00e9rience"},"content":{"rendered":"\t\t<div data-elementor-type=\"wp-post\" data-elementor-id=\"270\" class=\"elementor elementor-270\">\n\t\t\t\t<div class=\"elementor-element elementor-element-c54fe43 e-flex e-con-boxed e-con e-parent\" data-id=\"c54fe43\" data-element_type=\"container\" data-e-type=\"container\">\n\t\t\t\t\t<div class=\"e-con-inner\">\n\t\t<div class=\"elementor-element elementor-element-219d654 e-grid e-con-full e-con e-child\" data-id=\"219d654\" data-element_type=\"container\" data-e-type=\"container\">\n\t\t<div class=\"elementor-element elementor-element-22a725e e-con-full e-flex e-con e-child\" data-id=\"22a725e\" data-element_type=\"container\" data-e-type=\"container\">\n\t\t\t\t<div class=\"elementor-element elementor-element-a9d50ad elementor-widget elementor-widget-text-editor\" data-id=\"a9d50ad\" data-element_type=\"widget\" data-e-type=\"widget\" data-widget_type=\"text-editor.default\">\n\t\t\t\t\t\t\t\t\t<p class=\"font-claude-response-body break-words whitespace-normal leading-[1.7]\">Quand j&rsquo;ai commenc\u00e9 \u00e0 utiliser Adobe Illustrator, je ne savais pas vraiment par o\u00f9 commencer. Cr\u00e9er une affiche digitale de z\u00e9ro semblait intimidant, mais c&rsquo;est en pratiquant que j&rsquo;ai vraiment progress\u00e9.<\/p><p class=\"font-claude-response-body break-words whitespace-normal leading-[1.7]\"><strong>Le choix du sujet<\/strong><\/p><p class=\"font-claude-response-body break-words whitespace-normal leading-[1.7]\">Pour ma premi\u00e8re affiche, Le professeur nous a demand\u00e9 de repr\u00e9senter notre ville de naissance sous forme d\u2019une affiche. Il fallait vraiment choisir des \u00e9l\u00e9ments embl\u00e9matiques du lieu donc \u00a0j&rsquo;ai choisi la ville d\u2019Accra. Je me suis inspir\u00e9e de l&rsquo;Arc de Triomphe, un monument tr\u00e8s connu et une symbole de libert\u00e9 et d&rsquo;ind\u00e9pendance.<\/p><p class=\"font-claude-response-body break-words whitespace-normal leading-[1.7]\"><strong>La conception<\/strong> J&rsquo;ai commenc\u00e9 par des recherches d&rsquo;inspiration sur Behance et Pinterest. Ensuite j&rsquo;ai travaill\u00e9 directement sur Illustrator en construisant les formes g\u00e9om\u00e9triques une par une. Le plus difficile a \u00e9t\u00e9 de trouver la bonne palette de couleurs chaudes qui repr\u00e9sente bien le coucher de soleil africain.<\/p><p class=\"font-claude-response-body break-words whitespace-normal leading-[1.7]\"><strong>Les d\u00e9fis rencontr\u00e9s<\/strong> La gestion des calques, la pr\u00e9cision des formes et le choix typographique ont \u00e9t\u00e9 mes plus grands d\u00e9fis. J&rsquo;ai d\u00fb recommencer plusieurs fois avant d&rsquo;\u00eatre satisfaite du r\u00e9sultat final.<\/p><p class=\"font-claude-response-body break-words whitespace-normal leading-[1.7]\"><strong>Ce que j&rsquo;ai appris<\/strong> Cette exp\u00e9rience m&rsquo;a appris l&rsquo;importance de la composition et de la hi\u00e9rarchie visuelle. Chaque \u00e9l\u00e9ment doit avoir sa place et sa raison d&rsquo;\u00eatre sur l&rsquo;affiche.<\/p><p class=\"font-claude-response-body break-words whitespace-normal leading-[1.7]\"><strong>Conclusion<\/strong> Aujourd&rsquo;hui je suis fi\u00e8re de ce projet. Il repr\u00e9sente \u00e0 la fois mes racines et ma passion pour la cr\u00e9ation num\u00e9rique. Chaque projet est une nouvelle occasion d&rsquo;apprendre et de grandir !<\/p>\t\t\t\t\t\t\t\t<\/div>\n\t\t\t\t<\/div>\n\t\t\t\t<\/div>\n\t\t\t\t\t<\/div>\n\t\t\t\t<\/div>\n\t\t\t\t<\/div>\n\t\t","protected":false},"excerpt":{"rendered":"<p>Quand j&rsquo;ai commenc\u00e9 \u00e0 utiliser Adobe Illustrator, je ne savais pas vraiment par o\u00f9 commencer. Cr\u00e9er une affiche digitale de z\u00e9ro semblait intimidant, mais c&rsquo;est en pratiquant que j&rsquo;ai vraiment progress\u00e9. Le choix du sujet Pour ma premi\u00e8re affiche, Le professeur nous a demand\u00e9 de repr\u00e9senter notre ville de naissance sous forme d\u2019une affiche. Il [&hellip;]<\/p>\n","protected":false},"author":4,"featured_media":369,"comment_status":"open","ping_status":"open","sticky":false,"template":"elementor_canvas","format":"standard","meta":{"footnotes":""},"categories":[1],"tags":[],"class_list":["post-270","post","type-post","status-publish","format-standard","has-post-thumbnail","hentry","category-uncategorized"],"_links":{"self":[{"href":"https:\/\/annoh-emmanuella.mmigrenoble-dev.fr\/index.php?rest_route=\/wp\/v2\/posts\/270","targetHints":{"allow":["GET"]}}],"collection":[{"href":"https:\/\/annoh-emmanuella.mmigrenoble-dev.fr\/index.php?rest_route=\/wp\/v2\/posts"}],"about":[{"href":"https:\/\/annoh-emmanuella.mmigrenoble-dev.fr\/index.php?rest_route=\/wp\/v2\/types\/post"}],"author":[{"embeddable":true,"href":"https:\/\/annoh-emmanuella.mmigrenoble-dev.fr\/index.php?rest_route=\/wp\/v2\/users\/4"}],"replies":[{"embeddable":true,"href":"https:\/\/annoh-emmanuella.mmigrenoble-dev.fr\/index.php?rest_route=%2Fwp%2Fv2%2Fcomments&post=270"}],"version-history":[{"count":9,"href":"https:\/\/annoh-emmanuella.mmigrenoble-dev.fr\/index.php?rest_route=\/wp\/v2\/posts\/270\/revisions"}],"predecessor-version":[{"id":376,"href":"https:\/\/annoh-emmanuella.mmigrenoble-dev.fr\/index.php?rest_route=\/wp\/v2\/posts\/270\/revisions\/376"}],"wp:featuredmedia":[{"embeddable":true,"href":"https:\/\/annoh-emmanuella.mmigrenoble-dev.fr\/index.php?rest_route=\/wp\/v2\/media\/369"}],"wp:attachment":[{"href":"https:\/\/annoh-emmanuella.mmigrenoble-dev.fr\/index.php?rest_route=%2Fwp%2Fv2%2Fmedia&parent=270"}],"wp:term":[{"taxonomy":"category","embeddable":true,"href":"https:\/\/annoh-emmanuella.mmigrenoble-dev.fr\/index.php?rest_route=%2Fwp%2Fv2%2Fcategories&post=270"},{"taxonomy":"post_tag","embeddable":true,"href":"https:\/\/annoh-emmanuella.mmigrenoble-dev.fr\/index.php?rest_route=%2Fwp%2Fv2%2Ftags&post=270"}],"curies":[{"name":"wp","href":"https:\/\/api.w.org\/{rel}","templated":true}]}}